{"id":1108,"date":"2015-06-05T08:50:25","date_gmt":"2015-06-05T08:50:25","guid":{"rendered":"http:\/\/www.hostelleriedheloise.com\/?p=1108"},"modified":"2020-01-28T15:07:09","modified_gmt":"2020-01-28T15:07:09","slug":"le-vin-en-images-a-loccasion-du-festival-oenovideo","status":"publish","type":"post","link":"https:\/\/www.hostelleriedheloise.com\/en\/le-vin-en-images-a-loccasion-du-festival-oenovideo\/","title":{"rendered":"Le vin en images \u00e0 l&#8217;occasion du festival \u0152novid\u00e9o"},"content":{"rendered":"<p align=\"justify\">Cette ann\u00e9e, le festival itin\u00e9rant \u0152novid\u00e9o pose ses valises \u00e0 Cluny pour proposer une s\u00e9lection de 32 films tournant autour du vin. Cette ville, connue pour son Abbaye \u00e0 la renomm\u00e9e internationale et situ\u00e9e au carrefour de la route des Grands Crus de Bourgogne et des Vins du M\u00e2connais-Beaujolais, \u00e9tait donc le lieu id\u00e9al pour accueillir un \u00e9v\u00e9nement dont le th\u00e8me central est la vigne.<\/p>\n<h3 align=\"justify\">Vin et vignes se distinguent \u00e0 Cluny<\/h3>\n<p align=\"justify\">Oenovideo c&#8217;est des films venant de 13 pays pour un total de 15h de projection. Il y a donc de quoi visionner tout son saoul\u00a0! Cette \u00e9dition sera aussi marqu\u00e9e par une avant-premi\u00e8re, celle du r\u00e9alisateur Guillaume Bodin, laur\u00e9at du Grand Prix \u0152novid\u00e9o 2011, qui pr\u00e9sentera le 13 juin \u00e0 20h30 son nouveau film documentaire, \u00ab\u00a0Pesticide mon amour\u00a0\u00bb.<\/p>\n<p align=\"justify\">L&#8217;ann\u00e9e 2015, c&#8217;est aussi la c\u00e9l\u00e9bration des 10 ans du festival photographique Terroir d&#8217;Images qui se d\u00e9placera \u00e0 Cluny pour cette \u00e9dition. Le th\u00e8me de cette ann\u00e9e, intitul\u00e9 L&#8217;\u00e9nergie de la terre\u00a0: Fer, Feu, Verre de la Vigne au Vin, proposera 100 clich\u00e9s d&#8217;exception, choisis parmi plus de 1500 photographies. Cette mise en valeur des terroirs pourra s&#8217;admirer en face de l&#8217;Abbaye de Cluny, dans les \u00c9curies de Saint Hugues.<\/p>\n<p align=\"justify\"><img fetchpriority=\"high\" decoding=\"async\" class=\"size-medium wp-image-1117 aligncenter\" src=\"https:\/\/www.hostelleriedheloise.com\/wordpress\/wp-content\/uploads\/2015\/06\/dazdf-300x225.jpeg\" alt=\"dazdf\" width=\"300\" height=\"225\" \/><\/p>\n<h3 align=\"justify\">Pour que la f\u00eate soit compl\u00e8te&#8230;<\/h3>\n<p align=\"justify\">Tout au long du festival, la ville de Cluny mettra en avant son patrimoine en proposant des animations pour que ces 4 jours soient une grande f\u00eate. \u00c0 cette occasion, l&#8217;<a href=\"https:\/\/www.hostelleriedheloise.com\/en\/\" target=\"_blank\" rel=\"noopener noreferrer\">Hostellerie d&#8217;H\u00e9lo\u00efse<\/a> participera aussi aux c\u00e9l\u00e9brations en accueillant la d\u00e9l\u00e9gation japonaise dans son \u00e9tablissement. Le festival \u0152novideo et Terroir en Images, deux moments \u00e0 consommer sans mod\u00e9ration\u00a0!<\/p>\n<p align=\"justify\">Pour plus d&#8217;informations, rendez-vous sur le site du festival\u00a0<a href=\"http:\/\/www.oenovideo.com\/fr\/web\/oenovideo\/home\" target=\"_blank\" rel=\"noopener noreferrer\">\u0152novid\u00e9o<\/a><\/p>","protected":false},"excerpt":{"rendered":"<p class=\"excerpt\">Cette ann\u00e9e, le festival itin\u00e9rant \u0152novid\u00e9o pose ses valises \u00e0 Cluny pour proposer une s\u00e9lection de 32 films tournant autour du vin. Cette ville, connue pour son Abbaye \u00e0 la renomm\u00e9e internationale et situ\u00e9e au carrefour de la route des Grands Crus de Bourgogne et des Vins du M\u00e2connais-Beaujolais, \u00e9tait donc le lieu id\u00e9al pour [&hellip;]<\/p>","protected":false},"author":6,"featured_media":2293,"comment_status":"closed","ping_status":"open","sticky":false,"template":"","format":"standard","meta":{"footnotes":""},"categories":[31],"tags":[],"class_list":["post-1108","post","type-post","status-publish","format-standard","has-post-thumbnail","hentry","category-decouverte-hostellerie"],"yoast_head":"<!-- This site is optimized with the Yoast SEO plugin v25.6 - https:\/\/yoast.com\/wordpress\/plugins\/seo\/ -->\n<title>Le vin en images \u00e0 l&#039;occasion du festival \u0152novid\u00e9o | Hostellerie d&#039;H\u00e9lo\u00efse<\/title>\n<meta name=\"robots\" content=\"index, follow, max-snippet:-1, max-image-preview:large, max-video-preview:-1\" \/>\n<link rel=\"canonical\" href=\"https:\/\/www.hostelleriedheloise.com\/en\/le-vin-en-images-a-loccasion-du-festival-oenovideo\/\" \/>\n<meta property=\"og:locale\" content=\"en_US\" \/>\n<meta property=\"og:type\" content=\"article\" \/>\n<meta property=\"og:title\" content=\"Le vin en images \u00e0 l&#039;occasion du festival \u0152novid\u00e9o | Hostellerie d&#039;H\u00e9lo\u00efse\" \/>\n<meta property=\"og:description\" content=\"Cette ann\u00e9e, le festival itin\u00e9rant \u0152novid\u00e9o pose ses valises \u00e0 Cluny pour proposer une s\u00e9lection de 32 films tournant autour du vin. Cette ville, connue pour son Abbaye \u00e0 la renomm\u00e9e internationale et situ\u00e9e au carrefour de la route des Grands Crus de Bourgogne et des Vins du M\u00e2connais-Beaujolais, \u00e9tait donc le lieu id\u00e9al pour [&hellip;]\" \/>\n<meta property=\"og:url\" content=\"https:\/\/www.hostelleriedheloise.com\/en\/le-vin-en-images-a-loccasion-du-festival-oenovideo\/\" \/>\n<meta property=\"og:site_name\" content=\"Hostellerie d&#039;H\u00e9lo\u00efse\" \/>\n<meta property=\"article:published_time\" content=\"2015-06-05T08:50:25+00:00\" \/>\n<meta property=\"article:modified_time\" content=\"2020-01-28T15:07:09+00:00\" \/>\n<meta property=\"og:image\" content=\"https:\/\/www.hostelleriedheloise.com\/wp-content\/uploads\/2015\/06\/11105220_857421440971861_3818184401972084636_o-e1433493959288-1.jpg\" \/>\n\t<meta property=\"og:image:width\" content=\"679\" \/>\n\t<meta property=\"og:image:height\" content=\"611\" \/>\n\t<meta property=\"og:image:type\" content=\"image\/jpeg\" \/>\n<meta name=\"author\" content=\"Nathalie DUTARTRE\" \/>\n<meta name=\"twitter:label1\" content=\"Written by\" \/>\n\t<meta name=\"twitter:data1\" content=\"Nathalie DUTARTRE\" \/>\n\t<meta name=\"twitter:label2\" content=\"Est. reading time\" \/>\n\t<meta name=\"twitter:data2\" content=\"1 minute\" \/>\n<script type=\"application\/ld+json\" class=\"yoast-schema-graph\">{\"@context\":\"https:\/\/schema.org\",\"@graph\":[{\"@type\":\"Article\",\"@id\":\"https:\/\/www.hostelleriedheloise.com\/en\/le-vin-en-images-a-loccasion-du-festival-oenovideo\/#article\",\"isPartOf\":{\"@id\":\"https:\/\/www.hostelleriedheloise.com\/en\/le-vin-en-images-a-loccasion-du-festival-oenovideo\/\"},\"author\":{\"name\":\"Nathalie DUTARTRE\",\"@id\":\"https:\/\/www.hostelleriedheloise.com\/#\/schema\/person\/c85663d6b2b3a158cc42cd289157a65a\"},\"headline\":\"Le vin en images \u00e0 l&#8217;occasion du festival \u0152novid\u00e9o\",\"datePublished\":\"2015-06-05T08:50:25+00:00\",\"dateModified\":\"2020-01-28T15:07:09+00:00\",\"mainEntityOfPage\":{\"@id\":\"https:\/\/www.hostelleriedheloise.com\/en\/le-vin-en-images-a-loccasion-du-festival-oenovideo\/\"},\"wordCount\":312,\"publisher\":{\"@id\":\"https:\/\/www.hostelleriedheloise.com\/#organization\"},\"image\":{\"@id\":\"https:\/\/www.hostelleriedheloise.com\/en\/le-vin-en-images-a-loccasion-du-festival-oenovideo\/#primaryimage\"},\"thumbnailUrl\":\"https:\/\/www.hostelleriedheloise.com\/wp-content\/uploads\/2015\/06\/11105220_857421440971861_3818184401972084636_o-e1433493959288-1.jpg\",\"articleSection\":[\"Les actus d'H\u00e9lo\u00efse\"],\"inLanguage\":\"en-US\"},{\"@type\":\"WebPage\",\"@id\":\"https:\/\/www.hostelleriedheloise.com\/en\/le-vin-en-images-a-loccasion-du-festival-oenovideo\/\",\"url\":\"https:\/\/www.hostelleriedheloise.com\/en\/le-vin-en-images-a-loccasion-du-festival-oenovideo\/\",\"name\":\"Le vin en images \u00e0 l'occasion du festival \u0152novid\u00e9o | Hostellerie d&#039;H\u00e9lo\u00efse\",\"isPartOf\":{\"@id\":\"https:\/\/www.hostelleriedheloise.com\/#website\"},\"primaryImageOfPage\":{\"@id\":\"https:\/\/www.hostelleriedheloise.com\/en\/le-vin-en-images-a-loccasion-du-festival-oenovideo\/#primaryimage\"},\"image\":{\"@id\":\"https:\/\/www.hostelleriedheloise.com\/en\/le-vin-en-images-a-loccasion-du-festival-oenovideo\/#primaryimage\"},\"thumbnailUrl\":\"https:\/\/www.hostelleriedheloise.com\/wp-content\/uploads\/2015\/06\/11105220_857421440971861_3818184401972084636_o-e1433493959288-1.jpg\",\"datePublished\":\"2015-06-05T08:50:25+00:00\",\"dateModified\":\"2020-01-28T15:07:09+00:00\",\"breadcrumb\":{\"@id\":\"https:\/\/www.hostelleriedheloise.com\/en\/le-vin-en-images-a-loccasion-du-festival-oenovideo\/#breadcrumb\"},\"inLanguage\":\"en-US\",\"potentialAction\":[{\"@type\":\"ReadAction\",\"target\":[\"https:\/\/www.hostelleriedheloise.com\/en\/le-vin-en-images-a-loccasion-du-festival-oenovideo\/\"]}]},{\"@type\":\"ImageObject\",\"inLanguage\":\"en-US\",\"@id\":\"https:\/\/www.hostelleriedheloise.com\/en\/le-vin-en-images-a-loccasion-du-festival-oenovideo\/#primaryimage\",\"url\":\"https:\/\/www.hostelleriedheloise.com\/wp-content\/uploads\/2015\/06\/11105220_857421440971861_3818184401972084636_o-e1433493959288-1.jpg\",\"contentUrl\":\"https:\/\/www.hostelleriedheloise.com\/wp-content\/uploads\/2015\/06\/11105220_857421440971861_3818184401972084636_o-e1433493959288-1.jpg\",\"width\":679,\"height\":611},{\"@type\":\"BreadcrumbList\",\"@id\":\"https:\/\/www.hostelleriedheloise.com\/en\/le-vin-en-images-a-loccasion-du-festival-oenovideo\/#breadcrumb\",\"itemListElement\":[{\"@type\":\"ListItem\",\"position\":1,\"name\":\"Accueil\",\"item\":\"https:\/\/www.hostelleriedheloise.com\/\"},{\"@type\":\"ListItem\",\"position\":2,\"name\":\"Le vin en images \u00e0 l&rsquo;occasion du festival \u0152novid\u00e9o\"}]},{\"@type\":\"WebSite\",\"@id\":\"https:\/\/www.hostelleriedheloise.com\/#website\",\"url\":\"https:\/\/www.hostelleriedheloise.com\/\",\"name\":\"Hostellerie d&#039;H\u00e9lo\u00efse\",\"description\":\"H\u00f4tel &amp; restaurant \u00e0 Cluny\",\"publisher\":{\"@id\":\"https:\/\/www.hostelleriedheloise.com\/#organization\"},\"potentialAction\":[{\"@type\":\"SearchAction\",\"target\":{\"@type\":\"EntryPoint\",\"urlTemplate\":\"https:\/\/www.hostelleriedheloise.com\/?s={search_term_string}\"},\"query-input\":{\"@type\":\"PropertyValueSpecification\",\"valueRequired\":true,\"valueName\":\"search_term_string\"}}],\"inLanguage\":\"en-US\"},{\"@type\":\"Organization\",\"@id\":\"https:\/\/www.hostelleriedheloise.com\/#organization\",\"name\":\"Hostellerie d'H\u00e9lo\u00efse\",\"url\":\"https:\/\/www.hostelleriedheloise.com\/\",\"logo\":{\"@type\":\"ImageObject\",\"inLanguage\":\"en-US\",\"@id\":\"https:\/\/www.hostelleriedheloise.com\/#\/schema\/logo\/image\/\",\"url\":\"https:\/\/www.hostelleriedheloise.com\/wp-content\/uploads\/2019\/03\/LOGO_WHITE_250.png\",\"contentUrl\":\"https:\/\/www.hostelleriedheloise.com\/wp-content\/uploads\/2019\/03\/LOGO_WHITE_250.png\",\"width\":250,\"height\":125,\"caption\":\"Hostellerie d'H\u00e9lo\u00efse\"},\"image\":{\"@id\":\"https:\/\/www.hostelleriedheloise.com\/#\/schema\/logo\/image\/\"}},{\"@type\":\"Person\",\"@id\":\"https:\/\/www.hostelleriedheloise.com\/#\/schema\/person\/c85663d6b2b3a158cc42cd289157a65a\",\"name\":\"Nathalie DUTARTRE\",\"image\":{\"@type\":\"ImageObject\",\"inLanguage\":\"en-US\",\"@id\":\"https:\/\/www.hostelleriedheloise.com\/#\/schema\/person\/image\/\",\"url\":\"https:\/\/secure.gravatar.com\/avatar\/9e13add92dfb811dc22aa0a69a2675d4951136f265324ad1e9862bfabb879957?s=96&d=mm&r=g\",\"contentUrl\":\"https:\/\/secure.gravatar.com\/avatar\/9e13add92dfb811dc22aa0a69a2675d4951136f265324ad1e9862bfabb879957?s=96&d=mm&r=g\",\"caption\":\"Nathalie DUTARTRE\"},\"url\":\"https:\/\/www.hostelleriedheloise.com\/en\/author\/ndutartre\/\"}]}<\/script>\n<!-- \/ Yoast SEO plugin. -->","yoast_head_json":{"title":"Le vin en images \u00e0 l'occasion du festival \u0152novid\u00e9o | Hostellerie d&#039;H\u00e9lo\u00efse","robots":{"index":"index","follow":"follow","max-snippet":"max-snippet:-1","max-image-preview":"max-image-preview:large","max-video-preview":"max-video-preview:-1"},"canonical":"https:\/\/www.hostelleriedheloise.com\/en\/le-vin-en-images-a-loccasion-du-festival-oenovideo\/","og_locale":"en_US","og_type":"article","og_title":"Le vin en images \u00e0 l'occasion du festival \u0152novid\u00e9o | Hostellerie d&#039;H\u00e9lo\u00efse","og_description":"Cette ann\u00e9e, le festival itin\u00e9rant \u0152novid\u00e9o pose ses valises \u00e0 Cluny pour proposer une s\u00e9lection de 32 films tournant autour du vin. Cette ville, connue pour son Abbaye \u00e0 la renomm\u00e9e internationale et situ\u00e9e au carrefour de la route des Grands Crus de Bourgogne et des Vins du M\u00e2connais-Beaujolais, \u00e9tait donc le lieu id\u00e9al pour [&hellip;]","og_url":"https:\/\/www.hostelleriedheloise.com\/en\/le-vin-en-images-a-loccasion-du-festival-oenovideo\/","og_site_name":"Hostellerie d&#039;H\u00e9lo\u00efse","article_published_time":"2015-06-05T08:50:25+00:00","article_modified_time":"2020-01-28T15:07:09+00:00","og_image":[{"width":679,"height":611,"url":"https:\/\/www.hostelleriedheloise.com\/wp-content\/uploads\/2015\/06\/11105220_857421440971861_3818184401972084636_o-e1433493959288-1.jpg","type":"image\/jpeg"}],"author":"Nathalie DUTARTRE","twitter_misc":{"Written by":"Nathalie DUTARTRE","Est. reading time":"1 minute"},"schema":{"@context":"https:\/\/schema.org","@graph":[{"@type":"Article","@id":"https:\/\/www.hostelleriedheloise.com\/en\/le-vin-en-images-a-loccasion-du-festival-oenovideo\/#article","isPartOf":{"@id":"https:\/\/www.hostelleriedheloise.com\/en\/le-vin-en-images-a-loccasion-du-festival-oenovideo\/"},"author":{"name":"Nathalie DUTARTRE","@id":"https:\/\/www.hostelleriedheloise.com\/#\/schema\/person\/c85663d6b2b3a158cc42cd289157a65a"},"headline":"Le vin en images \u00e0 l&#8217;occasion du festival \u0152novid\u00e9o","datePublished":"2015-06-05T08:50:25+00:00","dateModified":"2020-01-28T15:07:09+00:00","mainEntityOfPage":{"@id":"https:\/\/www.hostelleriedheloise.com\/en\/le-vin-en-images-a-loccasion-du-festival-oenovideo\/"},"wordCount":312,"publisher":{"@id":"https:\/\/www.hostelleriedheloise.com\/#organization"},"image":{"@id":"https:\/\/www.hostelleriedheloise.com\/en\/le-vin-en-images-a-loccasion-du-festival-oenovideo\/#primaryimage"},"thumbnailUrl":"https:\/\/www.hostelleriedheloise.com\/wp-content\/uploads\/2015\/06\/11105220_857421440971861_3818184401972084636_o-e1433493959288-1.jpg","articleSection":["Les actus d'H\u00e9lo\u00efse"],"inLanguage":"en-US"},{"@type":"WebPage","@id":"https:\/\/www.hostelleriedheloise.com\/en\/le-vin-en-images-a-loccasion-du-festival-oenovideo\/","url":"https:\/\/www.hostelleriedheloise.com\/en\/le-vin-en-images-a-loccasion-du-festival-oenovideo\/","name":"Le vin en images \u00e0 l'occasion du festival \u0152novid\u00e9o | Hostellerie d&#039;H\u00e9lo\u00efse","isPartOf":{"@id":"https:\/\/www.hostelleriedheloise.com\/#website"},"primaryImageOfPage":{"@id":"https:\/\/www.hostelleriedheloise.com\/en\/le-vin-en-images-a-loccasion-du-festival-oenovideo\/#primaryimage"},"image":{"@id":"https:\/\/www.hostelleriedheloise.com\/en\/le-vin-en-images-a-loccasion-du-festival-oenovideo\/#primaryimage"},"thumbnailUrl":"https:\/\/www.hostelleriedheloise.com\/wp-content\/uploads\/2015\/06\/11105220_857421440971861_3818184401972084636_o-e1433493959288-1.jpg","datePublished":"2015-06-05T08:50:25+00:00","dateModified":"2020-01-28T15:07:09+00:00","breadcrumb":{"@id":"https:\/\/www.hostelleriedheloise.com\/en\/le-vin-en-images-a-loccasion-du-festival-oenovideo\/#breadcrumb"},"inLanguage":"en-US","potentialAction":[{"@type":"ReadAction","target":["https:\/\/www.hostelleriedheloise.com\/en\/le-vin-en-images-a-loccasion-du-festival-oenovideo\/"]}]},{"@type":"ImageObject","inLanguage":"en-US","@id":"https:\/\/www.hostelleriedheloise.com\/en\/le-vin-en-images-a-loccasion-du-festival-oenovideo\/#primaryimage","url":"https:\/\/www.hostelleriedheloise.com\/wp-content\/uploads\/2015\/06\/11105220_857421440971861_3818184401972084636_o-e1433493959288-1.jpg","contentUrl":"https:\/\/www.hostelleriedheloise.com\/wp-content\/uploads\/2015\/06\/11105220_857421440971861_3818184401972084636_o-e1433493959288-1.jpg","width":679,"height":611},{"@type":"BreadcrumbList","@id":"https:\/\/www.hostelleriedheloise.com\/en\/le-vin-en-images-a-loccasion-du-festival-oenovideo\/#breadcrumb","itemListElement":[{"@type":"ListItem","position":1,"name":"Accueil","item":"https:\/\/www.hostelleriedheloise.com\/"},{"@type":"ListItem","position":2,"name":"Le vin en images \u00e0 l&rsquo;occasion du festival \u0152novid\u00e9o"}]},{"@type":"WebSite","@id":"https:\/\/www.hostelleriedheloise.com\/#website","url":"https:\/\/www.hostelleriedheloise.com\/","name":"Hostellerie d&#039;H\u00e9lo\u00efse","description":"H\u00f4tel &amp; restaurant \u00e0 Cluny","publisher":{"@id":"https:\/\/www.hostelleriedheloise.com\/#organization"},"potentialAction":[{"@type":"SearchAction","target":{"@type":"EntryPoint","urlTemplate":"https:\/\/www.hostelleriedheloise.com\/?s={search_term_string}"},"query-input":{"@type":"PropertyValueSpecification","valueRequired":true,"valueName":"search_term_string"}}],"inLanguage":"en-US"},{"@type":"Organization","@id":"https:\/\/www.hostelleriedheloise.com\/#organization","name":"Hostellerie d'H\u00e9lo\u00efse","url":"https:\/\/www.hostelleriedheloise.com\/","logo":{"@type":"ImageObject","inLanguage":"en-US","@id":"https:\/\/www.hostelleriedheloise.com\/#\/schema\/logo\/image\/","url":"https:\/\/www.hostelleriedheloise.com\/wp-content\/uploads\/2019\/03\/LOGO_WHITE_250.png","contentUrl":"https:\/\/www.hostelleriedheloise.com\/wp-content\/uploads\/2019\/03\/LOGO_WHITE_250.png","width":250,"height":125,"caption":"Hostellerie d'H\u00e9lo\u00efse"},"image":{"@id":"https:\/\/www.hostelleriedheloise.com\/#\/schema\/logo\/image\/"}},{"@type":"Person","@id":"https:\/\/www.hostelleriedheloise.com\/#\/schema\/person\/c85663d6b2b3a158cc42cd289157a65a","name":"Nathalie DUTARTRE","image":{"@type":"ImageObject","inLanguage":"en-US","@id":"https:\/\/www.hostelleriedheloise.com\/#\/schema\/person\/image\/","url":"https:\/\/secure.gravatar.com\/avatar\/9e13add92dfb811dc22aa0a69a2675d4951136f265324ad1e9862bfabb879957?s=96&d=mm&r=g","contentUrl":"https:\/\/secure.gravatar.com\/avatar\/9e13add92dfb811dc22aa0a69a2675d4951136f265324ad1e9862bfabb879957?s=96&d=mm&r=g","caption":"Nathalie DUTARTRE"},"url":"https:\/\/www.hostelleriedheloise.com\/en\/author\/ndutartre\/"}]}},"_links":{"self":[{"href":"https:\/\/www.hostelleriedheloise.com\/en\/wp-json\/wp\/v2\/posts\/1108","targetHints":{"allow":["GET"]}}],"collection":[{"href":"https:\/\/www.hostelleriedheloise.com\/en\/wp-json\/wp\/v2\/posts"}],"about":[{"href":"https:\/\/www.hostelleriedheloise.com\/en\/wp-json\/wp\/v2\/types\/post"}],"author":[{"embeddable":true,"href":"https:\/\/www.hostelleriedheloise.com\/en\/wp-json\/wp\/v2\/users\/6"}],"replies":[{"embeddable":true,"href":"https:\/\/www.hostelleriedheloise.com\/en\/wp-json\/wp\/v2\/comments?post=1108"}],"version-history":[{"count":0,"href":"https:\/\/www.hostelleriedheloise.com\/en\/wp-json\/wp\/v2\/posts\/1108\/revisions"}],"wp:featuredmedia":[{"embeddable":true,"href":"https:\/\/www.hostelleriedheloise.com\/en\/wp-json\/wp\/v2\/media\/2293"}],"wp:attachment":[{"href":"https:\/\/www.hostelleriedheloise.com\/en\/wp-json\/wp\/v2\/media?parent=1108"}],"wp:term":[{"taxonomy":"category","embeddable":true,"href":"https:\/\/www.hostelleriedheloise.com\/en\/wp-json\/wp\/v2\/categories?post=1108"},{"taxonomy":"post_tag","embeddable":true,"href":"https:\/\/www.hostelleriedheloise.com\/en\/wp-json\/wp\/v2\/tags?post=1108"}],"curies":[{"name":"wp","href":"https:\/\/api.w.org\/{rel}","templated":true}]}}