{"id":501,"date":"2015-04-03T15:28:01","date_gmt":"2015-04-03T15:28:01","guid":{"rendered":"http:\/\/www.hostelleriedheloise.com\/wordpress\/?p=501"},"modified":"2020-01-28T15:07:09","modified_gmt":"2020-01-28T15:07:09","slug":"a-la-decouverte-de-maria-ferreira","status":"publish","type":"post","link":"https:\/\/www.hostelleriedheloise.com\/en\/a-la-decouverte-de-maria-ferreira\/","title":{"rendered":"Maria Ferreira, une employ\u00e9e fid\u00e8le"},"content":{"rendered":"<p style=\"text-align: justify;\">Maria, ce n\u2019est pas seulement notre femme de chambre, mais une personne \u00e0 part enti\u00e8re qui nous aide, nous \u00e9paule dans le quotidien de notre vie professionnelle et priv\u00e9e. Toujours en forme, pr\u00e9sente, elle sait g\u00e9rer ses 13 chambres sans aide, apporte son soutien en cuisine. Tr\u00e8s appr\u00e9ci\u00e9e par ses coll\u00e8gues, elle sait les \u00e9couter sans les juger.<\/p>\n<p style=\"text-align: justify;\">Avec nous depuis nos d\u00e9buts, elle nous a toujours dit que le jour o\u00f9 on quitterait l\u2019\u00e9tablissement, elle partirait en m\u00eame temps.<\/p>\n<p style=\"text-align: justify;\">Nous \u00e9tions tous rassembl\u00e9s autour de Maria cet automne pour f\u00eater ses 10 ans d\u2019investissement. Merci Maria<\/p>","protected":false},"excerpt":{"rendered":"<p class=\"excerpt\">Maria, ce n\u2019est pas seulement notre femme de chambre, mais une personne \u00e0 part enti\u00e8re qui nous aide, nous \u00e9paule dans le quotidien de notre vie professionnelle et priv\u00e9e. Toujours en forme, pr\u00e9sente, elle sait g\u00e9rer ses 13 chambres sans aide, apporte son soutien en cuisine. Tr\u00e8s appr\u00e9ci\u00e9e par ses coll\u00e8gues, elle sait les \u00e9couter [&hellip;]<\/p>","protected":false},"author":6,"featured_media":2299,"comment_status":"closed","ping_status":"open","sticky":false,"template":"","format":"standard","meta":{"footnotes":""},"categories":[31],"tags":[],"class_list":["post-501","post","type-post","status-publish","format-standard","has-post-thumbnail","hentry","category-decouverte-hostellerie"],"yoast_head":"<!-- This site is optimized with the Yoast SEO plugin v25.6 - https:\/\/yoast.com\/wordpress\/plugins\/seo\/ -->\n<title>Maria Ferreira, une employ\u00e9e fid\u00e8le | Hostellerie d&#039;H\u00e9lo\u00efse<\/title>\n<meta name=\"robots\" content=\"index, follow, max-snippet:-1, max-image-preview:large, max-video-preview:-1\" \/>\n<link rel=\"canonical\" href=\"https:\/\/www.hostelleriedheloise.com\/en\/a-la-decouverte-de-maria-ferreira\/\" \/>\n<meta property=\"og:locale\" content=\"en_US\" \/>\n<meta property=\"og:type\" content=\"article\" \/>\n<meta property=\"og:title\" content=\"Maria Ferreira, une employ\u00e9e fid\u00e8le | Hostellerie d&#039;H\u00e9lo\u00efse\" \/>\n<meta property=\"og:description\" content=\"Maria, ce n\u2019est pas seulement notre femme de chambre, mais une personne \u00e0 part enti\u00e8re qui nous aide, nous \u00e9paule dans le quotidien de notre vie professionnelle et priv\u00e9e. Toujours en forme, pr\u00e9sente, elle sait g\u00e9rer ses 13 chambres sans aide, apporte son soutien en cuisine. Tr\u00e8s appr\u00e9ci\u00e9e par ses coll\u00e8gues, elle sait les \u00e9couter [&hellip;]\" \/>\n<meta property=\"og:url\" content=\"https:\/\/www.hostelleriedheloise.com\/en\/a-la-decouverte-de-maria-ferreira\/\" \/>\n<meta property=\"og:site_name\" content=\"Hostellerie d&#039;H\u00e9lo\u00efse\" \/>\n<meta property=\"article:published_time\" content=\"2015-04-03T15:28:01+00:00\" \/>\n<meta property=\"article:modified_time\" content=\"2020-01-28T15:07:09+00:00\" \/>\n<meta property=\"og:image\" content=\"https:\/\/www.hostelleriedheloise.com\/wp-content\/uploads\/2015\/04\/au-premier-rang-maria-ferreira-avec-ses-deux-filles-ex-employees-de-l-hostellerie-photo-m-c-clp-1.jpg\" \/>\n\t<meta property=\"og:image:width\" content=\"540\" \/>\n\t<meta property=\"og:image:height\" content=\"386\" \/>\n\t<meta property=\"og:image:type\" content=\"image\/jpeg\" \/>\n<meta name=\"author\" content=\"Nathalie DUTARTRE\" \/>\n<meta name=\"twitter:label1\" content=\"Written by\" \/>\n\t<meta name=\"twitter:data1\" content=\"Nathalie DUTARTRE\" \/>\n\t<meta name=\"twitter:label2\" content=\"Est. reading time\" \/>\n\t<meta name=\"twitter:data2\" content=\"1 minute\" \/>\n<script type=\"application\/ld+json\" class=\"yoast-schema-graph\">{\"@context\":\"https:\/\/schema.org\",\"@graph\":[{\"@type\":\"Article\",\"@id\":\"https:\/\/www.hostelleriedheloise.com\/en\/a-la-decouverte-de-maria-ferreira\/#article\",\"isPartOf\":{\"@id\":\"https:\/\/www.hostelleriedheloise.com\/en\/a-la-decouverte-de-maria-ferreira\/\"},\"author\":{\"name\":\"Nathalie DUTARTRE\",\"@id\":\"https:\/\/www.hostelleriedheloise.com\/#\/schema\/person\/c85663d6b2b3a158cc42cd289157a65a\"},\"headline\":\"Maria Ferreira, une employ\u00e9e fid\u00e8le\",\"datePublished\":\"2015-04-03T15:28:01+00:00\",\"dateModified\":\"2020-01-28T15:07:09+00:00\",\"mainEntityOfPage\":{\"@id\":\"https:\/\/www.hostelleriedheloise.com\/en\/a-la-decouverte-de-maria-ferreira\/\"},\"wordCount\":116,\"publisher\":{\"@id\":\"https:\/\/www.hostelleriedheloise.com\/#organization\"},\"image\":{\"@id\":\"https:\/\/www.hostelleriedheloise.com\/en\/a-la-decouverte-de-maria-ferreira\/#primaryimage\"},\"thumbnailUrl\":\"https:\/\/www.hostelleriedheloise.com\/wp-content\/uploads\/2015\/04\/au-premier-rang-maria-ferreira-avec-ses-deux-filles-ex-employees-de-l-hostellerie-photo-m-c-clp-1.jpg\",\"articleSection\":[\"Les actus d'H\u00e9lo\u00efse\"],\"inLanguage\":\"en-US\"},{\"@type\":\"WebPage\",\"@id\":\"https:\/\/www.hostelleriedheloise.com\/en\/a-la-decouverte-de-maria-ferreira\/\",\"url\":\"https:\/\/www.hostelleriedheloise.com\/en\/a-la-decouverte-de-maria-ferreira\/\",\"name\":\"Maria Ferreira, une employ\u00e9e fid\u00e8le | Hostellerie d&#039;H\u00e9lo\u00efse\",\"isPartOf\":{\"@id\":\"https:\/\/www.hostelleriedheloise.com\/#website\"},\"primaryImageOfPage\":{\"@id\":\"https:\/\/www.hostelleriedheloise.com\/en\/a-la-decouverte-de-maria-ferreira\/#primaryimage\"},\"image\":{\"@id\":\"https:\/\/www.hostelleriedheloise.com\/en\/a-la-decouverte-de-maria-ferreira\/#primaryimage\"},\"thumbnailUrl\":\"https:\/\/www.hostelleriedheloise.com\/wp-content\/uploads\/2015\/04\/au-premier-rang-maria-ferreira-avec-ses-deux-filles-ex-employees-de-l-hostellerie-photo-m-c-clp-1.jpg\",\"datePublished\":\"2015-04-03T15:28:01+00:00\",\"dateModified\":\"2020-01-28T15:07:09+00:00\",\"breadcrumb\":{\"@id\":\"https:\/\/www.hostelleriedheloise.com\/en\/a-la-decouverte-de-maria-ferreira\/#breadcrumb\"},\"inLanguage\":\"en-US\",\"potentialAction\":[{\"@type\":\"ReadAction\",\"target\":[\"https:\/\/www.hostelleriedheloise.com\/en\/a-la-decouverte-de-maria-ferreira\/\"]}]},{\"@type\":\"ImageObject\",\"inLanguage\":\"en-US\",\"@id\":\"https:\/\/www.hostelleriedheloise.com\/en\/a-la-decouverte-de-maria-ferreira\/#primaryimage\",\"url\":\"https:\/\/www.hostelleriedheloise.com\/wp-content\/uploads\/2015\/04\/au-premier-rang-maria-ferreira-avec-ses-deux-filles-ex-employees-de-l-hostellerie-photo-m-c-clp-1.jpg\",\"contentUrl\":\"https:\/\/www.hostelleriedheloise.com\/wp-content\/uploads\/2015\/04\/au-premier-rang-maria-ferreira-avec-ses-deux-filles-ex-employees-de-l-hostellerie-photo-m-c-clp-1.jpg\",\"width\":540,\"height\":386},{\"@type\":\"BreadcrumbList\",\"@id\":\"https:\/\/www.hostelleriedheloise.com\/en\/a-la-decouverte-de-maria-ferreira\/#breadcrumb\",\"itemListElement\":[{\"@type\":\"ListItem\",\"position\":1,\"name\":\"Accueil\",\"item\":\"https:\/\/www.hostelleriedheloise.com\/\"},{\"@type\":\"ListItem\",\"position\":2,\"name\":\"Maria Ferreira, une employ\u00e9e fid\u00e8le\"}]},{\"@type\":\"WebSite\",\"@id\":\"https:\/\/www.hostelleriedheloise.com\/#website\",\"url\":\"https:\/\/www.hostelleriedheloise.com\/\",\"name\":\"Hostellerie d&#039;H\u00e9lo\u00efse\",\"description\":\"H\u00f4tel &amp; restaurant \u00e0 Cluny\",\"publisher\":{\"@id\":\"https:\/\/www.hostelleriedheloise.com\/#organization\"},\"potentialAction\":[{\"@type\":\"SearchAction\",\"target\":{\"@type\":\"EntryPoint\",\"urlTemplate\":\"https:\/\/www.hostelleriedheloise.com\/?s={search_term_string}\"},\"query-input\":{\"@type\":\"PropertyValueSpecification\",\"valueRequired\":true,\"valueName\":\"search_term_string\"}}],\"inLanguage\":\"en-US\"},{\"@type\":\"Organization\",\"@id\":\"https:\/\/www.hostelleriedheloise.com\/#organization\",\"name\":\"Hostellerie d'H\u00e9lo\u00efse\",\"url\":\"https:\/\/www.hostelleriedheloise.com\/\",\"logo\":{\"@type\":\"ImageObject\",\"inLanguage\":\"en-US\",\"@id\":\"https:\/\/www.hostelleriedheloise.com\/#\/schema\/logo\/image\/\",\"url\":\"https:\/\/www.hostelleriedheloise.com\/wp-content\/uploads\/2019\/03\/LOGO_WHITE_250.png\",\"contentUrl\":\"https:\/\/www.hostelleriedheloise.com\/wp-content\/uploads\/2019\/03\/LOGO_WHITE_250.png\",\"width\":250,\"height\":125,\"caption\":\"Hostellerie d'H\u00e9lo\u00efse\"},\"image\":{\"@id\":\"https:\/\/www.hostelleriedheloise.com\/#\/schema\/logo\/image\/\"}},{\"@type\":\"Person\",\"@id\":\"https:\/\/www.hostelleriedheloise.com\/#\/schema\/person\/c85663d6b2b3a158cc42cd289157a65a\",\"name\":\"Nathalie DUTARTRE\",\"image\":{\"@type\":\"ImageObject\",\"inLanguage\":\"en-US\",\"@id\":\"https:\/\/www.hostelleriedheloise.com\/#\/schema\/person\/image\/\",\"url\":\"https:\/\/secure.gravatar.com\/avatar\/9e13add92dfb811dc22aa0a69a2675d4951136f265324ad1e9862bfabb879957?s=96&d=mm&r=g\",\"contentUrl\":\"https:\/\/secure.gravatar.com\/avatar\/9e13add92dfb811dc22aa0a69a2675d4951136f265324ad1e9862bfabb879957?s=96&d=mm&r=g\",\"caption\":\"Nathalie DUTARTRE\"},\"url\":\"https:\/\/www.hostelleriedheloise.com\/en\/author\/ndutartre\/\"}]}<\/script>\n<!-- \/ Yoast SEO plugin. -->","yoast_head_json":{"title":"Maria Ferreira, une employ\u00e9e fid\u00e8le | Hostellerie d&#039;H\u00e9lo\u00efse","robots":{"index":"index","follow":"follow","max-snippet":"max-snippet:-1","max-image-preview":"max-image-preview:large","max-video-preview":"max-video-preview:-1"},"canonical":"https:\/\/www.hostelleriedheloise.com\/en\/a-la-decouverte-de-maria-ferreira\/","og_locale":"en_US","og_type":"article","og_title":"Maria Ferreira, une employ\u00e9e fid\u00e8le | Hostellerie d&#039;H\u00e9lo\u00efse","og_description":"Maria, ce n\u2019est pas seulement notre femme de chambre, mais une personne \u00e0 part enti\u00e8re qui nous aide, nous \u00e9paule dans le quotidien de notre vie professionnelle et priv\u00e9e. Toujours en forme, pr\u00e9sente, elle sait g\u00e9rer ses 13 chambres sans aide, apporte son soutien en cuisine. Tr\u00e8s appr\u00e9ci\u00e9e par ses coll\u00e8gues, elle sait les \u00e9couter [&hellip;]","og_url":"https:\/\/www.hostelleriedheloise.com\/en\/a-la-decouverte-de-maria-ferreira\/","og_site_name":"Hostellerie d&#039;H\u00e9lo\u00efse","article_published_time":"2015-04-03T15:28:01+00:00","article_modified_time":"2020-01-28T15:07:09+00:00","og_image":[{"width":540,"height":386,"url":"https:\/\/www.hostelleriedheloise.com\/wp-content\/uploads\/2015\/04\/au-premier-rang-maria-ferreira-avec-ses-deux-filles-ex-employees-de-l-hostellerie-photo-m-c-clp-1.jpg","type":"image\/jpeg"}],"author":"Nathalie DUTARTRE","twitter_misc":{"Written by":"Nathalie DUTARTRE","Est. reading time":"1 minute"},"schema":{"@context":"https:\/\/schema.org","@graph":[{"@type":"Article","@id":"https:\/\/www.hostelleriedheloise.com\/en\/a-la-decouverte-de-maria-ferreira\/#article","isPartOf":{"@id":"https:\/\/www.hostelleriedheloise.com\/en\/a-la-decouverte-de-maria-ferreira\/"},"author":{"name":"Nathalie DUTARTRE","@id":"https:\/\/www.hostelleriedheloise.com\/#\/schema\/person\/c85663d6b2b3a158cc42cd289157a65a"},"headline":"Maria Ferreira, une employ\u00e9e fid\u00e8le","datePublished":"2015-04-03T15:28:01+00:00","dateModified":"2020-01-28T15:07:09+00:00","mainEntityOfPage":{"@id":"https:\/\/www.hostelleriedheloise.com\/en\/a-la-decouverte-de-maria-ferreira\/"},"wordCount":116,"publisher":{"@id":"https:\/\/www.hostelleriedheloise.com\/#organization"},"image":{"@id":"https:\/\/www.hostelleriedheloise.com\/en\/a-la-decouverte-de-maria-ferreira\/#primaryimage"},"thumbnailUrl":"https:\/\/www.hostelleriedheloise.com\/wp-content\/uploads\/2015\/04\/au-premier-rang-maria-ferreira-avec-ses-deux-filles-ex-employees-de-l-hostellerie-photo-m-c-clp-1.jpg","articleSection":["Les actus d'H\u00e9lo\u00efse"],"inLanguage":"en-US"},{"@type":"WebPage","@id":"https:\/\/www.hostelleriedheloise.com\/en\/a-la-decouverte-de-maria-ferreira\/","url":"https:\/\/www.hostelleriedheloise.com\/en\/a-la-decouverte-de-maria-ferreira\/","name":"Maria Ferreira, une employ\u00e9e fid\u00e8le | Hostellerie d&#039;H\u00e9lo\u00efse","isPartOf":{"@id":"https:\/\/www.hostelleriedheloise.com\/#website"},"primaryImageOfPage":{"@id":"https:\/\/www.hostelleriedheloise.com\/en\/a-la-decouverte-de-maria-ferreira\/#primaryimage"},"image":{"@id":"https:\/\/www.hostelleriedheloise.com\/en\/a-la-decouverte-de-maria-ferreira\/#primaryimage"},"thumbnailUrl":"https:\/\/www.hostelleriedheloise.com\/wp-content\/uploads\/2015\/04\/au-premier-rang-maria-ferreira-avec-ses-deux-filles-ex-employees-de-l-hostellerie-photo-m-c-clp-1.jpg","datePublished":"2015-04-03T15:28:01+00:00","dateModified":"2020-01-28T15:07:09+00:00","breadcrumb":{"@id":"https:\/\/www.hostelleriedheloise.com\/en\/a-la-decouverte-de-maria-ferreira\/#breadcrumb"},"inLanguage":"en-US","potentialAction":[{"@type":"ReadAction","target":["https:\/\/www.hostelleriedheloise.com\/en\/a-la-decouverte-de-maria-ferreira\/"]}]},{"@type":"ImageObject","inLanguage":"en-US","@id":"https:\/\/www.hostelleriedheloise.com\/en\/a-la-decouverte-de-maria-ferreira\/#primaryimage","url":"https:\/\/www.hostelleriedheloise.com\/wp-content\/uploads\/2015\/04\/au-premier-rang-maria-ferreira-avec-ses-deux-filles-ex-employees-de-l-hostellerie-photo-m-c-clp-1.jpg","contentUrl":"https:\/\/www.hostelleriedheloise.com\/wp-content\/uploads\/2015\/04\/au-premier-rang-maria-ferreira-avec-ses-deux-filles-ex-employees-de-l-hostellerie-photo-m-c-clp-1.jpg","width":540,"height":386},{"@type":"BreadcrumbList","@id":"https:\/\/www.hostelleriedheloise.com\/en\/a-la-decouverte-de-maria-ferreira\/#breadcrumb","itemListElement":[{"@type":"ListItem","position":1,"name":"Accueil","item":"https:\/\/www.hostelleriedheloise.com\/"},{"@type":"ListItem","position":2,"name":"Maria Ferreira, une employ\u00e9e fid\u00e8le"}]},{"@type":"WebSite","@id":"https:\/\/www.hostelleriedheloise.com\/#website","url":"https:\/\/www.hostelleriedheloise.com\/","name":"Hostellerie d&#039;H\u00e9lo\u00efse","description":"H\u00f4tel &amp; restaurant \u00e0 Cluny","publisher":{"@id":"https:\/\/www.hostelleriedheloise.com\/#organization"},"potentialAction":[{"@type":"SearchAction","target":{"@type":"EntryPoint","urlTemplate":"https:\/\/www.hostelleriedheloise.com\/?s={search_term_string}"},"query-input":{"@type":"PropertyValueSpecification","valueRequired":true,"valueName":"search_term_string"}}],"inLanguage":"en-US"},{"@type":"Organization","@id":"https:\/\/www.hostelleriedheloise.com\/#organization","name":"Hostellerie d'H\u00e9lo\u00efse","url":"https:\/\/www.hostelleriedheloise.com\/","logo":{"@type":"ImageObject","inLanguage":"en-US","@id":"https:\/\/www.hostelleriedheloise.com\/#\/schema\/logo\/image\/","url":"https:\/\/www.hostelleriedheloise.com\/wp-content\/uploads\/2019\/03\/LOGO_WHITE_250.png","contentUrl":"https:\/\/www.hostelleriedheloise.com\/wp-content\/uploads\/2019\/03\/LOGO_WHITE_250.png","width":250,"height":125,"caption":"Hostellerie d'H\u00e9lo\u00efse"},"image":{"@id":"https:\/\/www.hostelleriedheloise.com\/#\/schema\/logo\/image\/"}},{"@type":"Person","@id":"https:\/\/www.hostelleriedheloise.com\/#\/schema\/person\/c85663d6b2b3a158cc42cd289157a65a","name":"Nathalie DUTARTRE","image":{"@type":"ImageObject","inLanguage":"en-US","@id":"https:\/\/www.hostelleriedheloise.com\/#\/schema\/person\/image\/","url":"https:\/\/secure.gravatar.com\/avatar\/9e13add92dfb811dc22aa0a69a2675d4951136f265324ad1e9862bfabb879957?s=96&d=mm&r=g","contentUrl":"https:\/\/secure.gravatar.com\/avatar\/9e13add92dfb811dc22aa0a69a2675d4951136f265324ad1e9862bfabb879957?s=96&d=mm&r=g","caption":"Nathalie DUTARTRE"},"url":"https:\/\/www.hostelleriedheloise.com\/en\/author\/ndutartre\/"}]}},"_links":{"self":[{"href":"https:\/\/www.hostelleriedheloise.com\/en\/wp-json\/wp\/v2\/posts\/501","targetHints":{"allow":["GET"]}}],"collection":[{"href":"https:\/\/www.hostelleriedheloise.com\/en\/wp-json\/wp\/v2\/posts"}],"about":[{"href":"https:\/\/www.hostelleriedheloise.com\/en\/wp-json\/wp\/v2\/types\/post"}],"author":[{"embeddable":true,"href":"https:\/\/www.hostelleriedheloise.com\/en\/wp-json\/wp\/v2\/users\/6"}],"replies":[{"embeddable":true,"href":"https:\/\/www.hostelleriedheloise.com\/en\/wp-json\/wp\/v2\/comments?post=501"}],"version-history":[{"count":0,"href":"https:\/\/www.hostelleriedheloise.com\/en\/wp-json\/wp\/v2\/posts\/501\/revisions"}],"wp:featuredmedia":[{"embeddable":true,"href":"https:\/\/www.hostelleriedheloise.com\/en\/wp-json\/wp\/v2\/media\/2299"}],"wp:attachment":[{"href":"https:\/\/www.hostelleriedheloise.com\/en\/wp-json\/wp\/v2\/media?parent=501"}],"wp:term":[{"taxonomy":"category","embeddable":true,"href":"https:\/\/www.hostelleriedheloise.com\/en\/wp-json\/wp\/v2\/categories?post=501"},{"taxonomy":"post_tag","embeddable":true,"href":"https:\/\/www.hostelleriedheloise.com\/en\/wp-json\/wp\/v2\/tags?post=501"}],"curies":[{"name":"wp","href":"https:\/\/api.w.org\/{rel}","templated":true}]}}